{"id":2117,"date":"2017-01-20T13:24:24","date_gmt":"2017-01-20T12:24:24","guid":{"rendered":"http:\/\/aldwald.nl\/db\/?p=2117"},"modified":"2017-01-20T13:35:45","modified_gmt":"2017-01-20T12:35:45","slug":"aldwald-op-de-praatstoel","status":"publish","type":"post","link":"https:\/\/aldwald.nl\/db\/aldwald-op-de-praatstoel\/","title":{"rendered":"Aldw\u00e2ld op de Praatstoel!"},"content":{"rendered":"<p>Aldw\u00e2ld op&#8217;e praatstoel: verhalentocht Oudwoude<br \/>\nDorpsbewoners vertellen hun verhaal<\/p>\n<p>Oudwoude kent nogal wat verhalenvertellers. Het dorp heeft ook enkele karakteristieke panden. Deze combinatie is de basis voor de verhalentocht \u201cAldw\u00e2ld op&#8217;e praatstoel.\u201d Een tocht langs monumentale woningen, waar de vertellers een verhaal vertellen. Op zaterdag 11 februari wordt de tocht gehouden. Om 14.00 uur is de start in het MFC H\u00fasterw\u00e2ld, de Wygeast 14 in Oudwoude. Het programma eindigt rond 17.30 uur. <\/p>\n<p>Twee routes vol verhalen<br \/>\nEr zijn twee routes: de Wygeast en de Foarwei. De deelnemers kunnen \u00e9\u00e9n van beide routes lopen. De tocht voert langs vier panden, waar steeds \u00e9\u00e9n van de vertellers het verhaal houdt.<br \/>\nEnkele panden die in de route zijn opgenomen, zijn de oudste zaalstins van Frysl\u00e2n Allemastate, de voormalige Van Heemstraschool, de oude Pastorije, de Spoekepleats en het boerderijtje op Wygeast 55.<\/p>\n<p>Verhalenvertellers<br \/>\nDe vertellers zijn Flip M\u00f6llenkramer, Aren Vroegindeweij, Hennie Dijk-Stel, Andreas Schelfhout, Bearn Bilker, Elly Kuipers-Feenstra, Auke de Boer en Reinder Postma, allen inwoners van Oudwoude.<br \/>\nDe verhalen gaan over de historie van het pand, over een opmerkelijk persoon of over een episode uit de geschiedenis van het dorp of de omgeving. <\/p>\n<p>Vooraf opgeven<br \/>\nDe kosten bedragen 4 euro per persoon. Opgeven kan via praatstoeloudwoude@gmail.com.<br \/>\nDe kaarten kunnen dan op 11 februari vanaf 13.30 uur afgehaald worden in MFC H\u00fasterw\u00e2ld in Oudwoude.<br \/>\nMeer informatie is te vinden op de website: www.husterwald.nl.<\/p>\n<p>Dorpsinitiatief<br \/>\n\u2018Aldw\u00e2ld op\u2019e praatstoel\u2019 is een initiatief van inwoners van Oudwoude in combinatie met Doarpsbelang Aldw\u00e2ld.<\/p>\n<p>Noot voor de redactie<\/p>\n<p>Voor meer informatie over deze wandeltocht kunt u contact opnemen met:<br \/>\nMarion Koens, 06-43443138 of<br \/>\nGreetje Dijk,  06-34892900<br \/>\nE-mail: praatstoeloudwoude@gmail.com<br \/>\nE\u00e9n van de vertellers, Bearn Bilker, is bereid u eventueel te woord te staan.<\/p>\n","protected":false},"excerpt":{"rendered":"<p>Aldw\u00e2ld op&#8217;e praatstoel: verhalentocht Oudwoude Dorpsbewoners vertellen hun verhaal Oudwoude kent nogal wat verhalenvertellers. Het dorp heeft ook enkele karakteristieke panden. Deze combinatie is&#8230; <a href=\"https:\/\/aldwald.nl\/db\/aldwald-op-de-praatstoel\/\">Lees volledige bericht<\/a><\/p>\n","protected":false},"author":4,"featured_media":2122,"comment_status":"open","ping_status":"open","sticky":false,"template":"","format":"standard","meta":[],"categories":[1],"tags":[],"_links":{"self":[{"href":"https:\/\/aldwald.nl\/db\/wp-json\/wp\/v2\/posts\/2117"}],"collection":[{"href":"https:\/\/aldwald.nl\/db\/wp-json\/wp\/v2\/posts"}],"about":[{"href":"https:\/\/aldwald.nl\/db\/wp-json\/wp\/v2\/types\/post"}],"author":[{"embeddable":true,"href":"https:\/\/aldwald.nl\/db\/wp-json\/wp\/v2\/users\/4"}],"replies":[{"embeddable":true,"href":"https:\/\/aldwald.nl\/db\/wp-json\/wp\/v2\/comments?post=2117"}],"version-history":[{"count":4,"href":"https:\/\/aldwald.nl\/db\/wp-json\/wp\/v2\/posts\/2117\/revisions"}],"predecessor-version":[{"id":2125,"href":"https:\/\/aldwald.nl\/db\/wp-json\/wp\/v2\/posts\/2117\/revisions\/2125"}],"wp:featuredmedia":[{"embeddable":true,"href":"https:\/\/aldwald.nl\/db\/wp-json\/wp\/v2\/media\/2122"}],"wp:attachment":[{"href":"https:\/\/aldwald.nl\/db\/wp-json\/wp\/v2\/media?parent=2117"}],"wp:term":[{"taxonomy":"category","embeddable":true,"href":"https:\/\/aldwald.nl\/db\/wp-json\/wp\/v2\/categories?post=2117"},{"taxonomy":"post_tag","embeddable":true,"href":"https:\/\/aldwald.nl\/db\/wp-json\/wp\/v2\/tags?post=2117"}],"curies":[{"name":"wp","href":"https:\/\/api.w.org\/{rel}","templated":true}]}}